{"id":4,"date":"2023-07-11T19:42:54","date_gmt":"2023-07-11T19:42:54","guid":{"rendered":"http:\/\/casaelalto.com\/index.php\/2023\/07\/11\/descubre-el-paraiso-en-nuestra-cabana-de-alquiler-en-la-laguna-de-san-carlos\/"},"modified":"2023-09-06T16:31:17","modified_gmt":"2023-09-06T16:31:17","slug":"descubre-el-paraiso-en-nuestra-cabana-de-alquiler-en-la-laguna-de-san-carlos","status":"publish","type":"post","link":"https:\/\/casaelalto.com\/en\/descubre-el-paraiso-en-nuestra-cabana-de-alquiler-en-la-laguna-de-san-carlos\/","title":{"rendered":"Descubre el para\u00edso en nuestra caba\u00f1a de alquiler en La Laguna de San Carlos"},"content":{"rendered":"<h2>Desconecta y rel\u00e1jate en un entorno natural<\/h2>\n<p>\u00a1Bienvenidos a nuestra caba\u00f1a de alquiler en La Laguna de San Carlos! Si est\u00e1s buscando un lugar para desconectar del estr\u00e9s diario y disfrutar de la tranquilidad de la naturaleza, has encontrado el para\u00edso. Nuestra caba\u00f1a est\u00e1 ubicada en un entorno monta\u00f1oso, alejado del bullicio de la ciudad, y ofrece un ambiente perfecto para relajarse y descansar.<\/p>\n<p>Imagina despertar por la ma\u00f1ana y disfrutar de la brisa fresca que recorre el lugar, mientras tomas un caf\u00e9 en nuestra terraza con vistas a la laguna. El sonido de los p\u00e1jaros y el murmullo del agua te acompa\u00f1ar\u00e1n durante tu estancia, brind\u00e1ndote una paz y tranquilidad incomparables.<\/p>\n<h2>Todas las comodidades que necesitas<\/h2>\n<p>Nuestra caba\u00f1a cuenta con todas las comodidades que necesitas para una estancia perfecta. Mantenemos una conexi\u00f3n de wifi r\u00e1pida y confiable para que puedas estar conectado en todo momento. Adem\u00e1s, el aire acondicionado te mantendr\u00e1 fresco durante los d\u00edas c\u00e1lidos y las noches tropicales.<\/p>\n<p>Encontrar\u00e1s un ambiente acogedor y bien equipado en nuestra caba\u00f1a, con todas las comodidades necesarias para que te sientas como en casa. Desde una cocina totalmente equipada hasta una c\u00f3moda cama, todo ha sido pensado para que tu estancia sea lo m\u00e1s placentera posible.<\/p>","protected":false},"excerpt":{"rendered":"<p>Desconecta y rel\u00e1jate en un entorno natural \u00a1Bienvenidos a nuestra caba\u00f1a de alquiler en La Laguna de San Carlos! Si est\u00e1s buscando un lugar para desconectar del estr\u00e9s diario y disfrutar de la tranquilidad de la naturaleza, has encontrado el para\u00edso. Nuestra caba\u00f1a est\u00e1 ubicada en un entorno monta\u00f1oso, alejado del bullicio de la ciudad, &hellip; <\/p>\n<p class=\"link-more\"><a href=\"https:\/\/casaelalto.com\/en\/descubre-el-paraiso-en-nuestra-cabana-de-alquiler-en-la-laguna-de-san-carlos\/\" class=\"more-link\">Continue reading<span class=\"screen-reader-text\"> \u00abDescubre el para\u00edso en nuestra caba\u00f1a de alquiler en La Laguna de San Carlos\u00bb<\/span><\/a><\/p>","protected":false},"author":1,"featured_media":156,"comment_status":"open","ping_status":"open","sticky":false,"template":"","format":"standard","meta":{"footnotes":""},"categories":[1],"tags":[],"class_list":["post-4","post","type-post","status-publish","format-standard","has-post-thumbnail","hentry","category-blog"],"_links":{"self":[{"href":"https:\/\/casaelalto.com\/en\/wp-json\/wp\/v2\/posts\/4"}],"collection":[{"href":"https:\/\/casaelalto.com\/en\/wp-json\/wp\/v2\/posts"}],"about":[{"href":"https:\/\/casaelalto.com\/en\/wp-json\/wp\/v2\/types\/post"}],"author":[{"embeddable":true,"href":"https:\/\/casaelalto.com\/en\/wp-json\/wp\/v2\/users\/1"}],"replies":[{"embeddable":true,"href":"https:\/\/casaelalto.com\/en\/wp-json\/wp\/v2\/comments?post=4"}],"version-history":[{"count":1,"href":"https:\/\/casaelalto.com\/en\/wp-json\/wp\/v2\/posts\/4\/revisions"}],"predecessor-version":[{"id":157,"href":"https:\/\/casaelalto.com\/en\/wp-json\/wp\/v2\/posts\/4\/revisions\/157"}],"wp:featuredmedia":[{"embeddable":true,"href":"https:\/\/casaelalto.com\/en\/wp-json\/wp\/v2\/media\/156"}],"wp:attachment":[{"href":"https:\/\/casaelalto.com\/en\/wp-json\/wp\/v2\/media?parent=4"}],"wp:term":[{"taxonomy":"category","embeddable":true,"href":"https:\/\/casaelalto.com\/en\/wp-json\/wp\/v2\/categories?post=4"},{"taxonomy":"post_tag","embeddable":true,"href":"https:\/\/casaelalto.com\/en\/wp-json\/wp\/v2\/tags?post=4"}],"curies":[{"name":"wp","href":"https:\/\/api.w.org\/{rel}","templated":true}]}}